{"id":2608,"date":"2020-10-08T18:55:53","date_gmt":"2020-10-08T16:55:53","guid":{"rendered":"http:\/\/www.medizin-hochweitzschen.de\/?p=2608"},"modified":"2020-10-08T18:55:55","modified_gmt":"2020-10-08T16:55:55","slug":"mitgliederversammlung-2020","status":"publish","type":"post","link":"https:\/\/www.medizin-hochweitzschen.de\/?p=2608","title":{"rendered":"Mitgliederversammlung 2020"},"content":{"rendered":"\n<p>Mitgliederversammlung des SV Medizin Hochweitzschen e.V. am 02.10.2020<\/p>\n\n\n\n<p>Die Corona bedingt vom M\u00e4rz 2020 auf den 02.10.20 verschobene Mitgliederversammlung inklusive Vorstandsneuwahl hat einen neuen Vorstand hervorgebracht nachdem der alte Vorstand erfolgreich entlastet wurde.<\/p>\n\n\n\n<p>Des Weiteren wurden die Punkte \u00fcber eine Satzungs\u00e4nderung, sowie eine Mitgliedsbeitragserh\u00f6hung ab 2021 zur Abstimmung gebracht.<\/p>\n\n\n\n<p>\u00dcber die entsprechenden \u00c4nderungen k\u00f6nnen sich Mitglieder die nicht an der Versammlung am 02.10.2020 teilnehmen konnten separat bei Ihren Trainern oder dem Vorstand informieren.<\/p>\n\n\n\n<p>Als neuer Vorstand wurde gew\u00e4hlt:<\/p>\n\n\n\n<ul><li>Pr\u00e4sident:&nbsp;&nbsp;&nbsp;&nbsp;&nbsp;&nbsp;&nbsp;&nbsp;&nbsp;&nbsp;&nbsp;&nbsp;&nbsp;&nbsp;&nbsp;&nbsp;&nbsp;&nbsp;&nbsp;&nbsp;&nbsp;&nbsp;&nbsp; &nbsp;&nbsp;&nbsp;&nbsp;&nbsp;&nbsp;&nbsp;&nbsp;&nbsp;&nbsp;&nbsp;&nbsp;&nbsp;&nbsp;&nbsp;&nbsp;&nbsp; &nbsp;Holger Mimel<\/li><li>Vizepr\u00e4sident Sport:&nbsp;&nbsp;&nbsp;&nbsp;&nbsp;&nbsp; &nbsp;&nbsp;&nbsp;&nbsp;&nbsp;&nbsp;&nbsp;&nbsp;&nbsp;&nbsp;&nbsp;&nbsp;&nbsp; Heiko Schmiedchen<\/li><li>Vizepr\u00e4sident Finanzen:&nbsp;&nbsp;&nbsp;&nbsp;&nbsp;&nbsp;&nbsp;&nbsp;&nbsp;&nbsp;&nbsp;&nbsp;&nbsp; Jens H\u00e4fner<\/li><li>Schatzmeister:&nbsp;&nbsp;&nbsp;&nbsp;&nbsp;&nbsp;&nbsp;&nbsp;&nbsp;&nbsp;&nbsp;&nbsp;&nbsp;&nbsp;&nbsp;&nbsp; &nbsp;&nbsp;&nbsp;&nbsp;&nbsp;&nbsp;&nbsp;&nbsp;&nbsp;&nbsp;&nbsp;&nbsp;&nbsp;&nbsp; Susan Harnack<\/li><li>Vorstandsmitglied:&nbsp;&nbsp;&nbsp;&nbsp;&nbsp;&nbsp;&nbsp;&nbsp; &nbsp;&nbsp;&nbsp;&nbsp;&nbsp;&nbsp;&nbsp;&nbsp;&nbsp;&nbsp;&nbsp;&nbsp;&nbsp;&nbsp; &nbsp;Sabine Antrack<\/li><li>Vorstandsmitglied:&nbsp;&nbsp;&nbsp;&nbsp;&nbsp;&nbsp;&nbsp;&nbsp;&nbsp; &nbsp;&nbsp;&nbsp;&nbsp;&nbsp;&nbsp;&nbsp;&nbsp;&nbsp;&nbsp;&nbsp;&nbsp;&nbsp; Torsten Krawczyk<\/li><li>Vorstandsmitglied:&nbsp;&nbsp;&nbsp;&nbsp;&nbsp;&nbsp;&nbsp;&nbsp; &nbsp;&nbsp;&nbsp;&nbsp;&nbsp;&nbsp;&nbsp;&nbsp;&nbsp;&nbsp;&nbsp;&nbsp;&nbsp;&nbsp; &nbsp;Karsten H\u00f6hne<\/li><li>Vorstandsmitglied:&nbsp;&nbsp;&nbsp;&nbsp;&nbsp;&nbsp;&nbsp;&nbsp;&nbsp; &nbsp;&nbsp;&nbsp;&nbsp;&nbsp;&nbsp;&nbsp;&nbsp;&nbsp;&nbsp;&nbsp;&nbsp;&nbsp; Sebastian Richter<\/li><li>Vorstandsmitglied:&nbsp;&nbsp;&nbsp;&nbsp;&nbsp;&nbsp;&nbsp;&nbsp;&nbsp; &nbsp;&nbsp;&nbsp;&nbsp;&nbsp;&nbsp;&nbsp;&nbsp;&nbsp;&nbsp;&nbsp;&nbsp;&nbsp; Rene Hertler<\/li><\/ul>\n\n\n\n<figure class=\"wp-block-image size-large is-style-rounded\"><img fetchpriority=\"high\" decoding=\"async\" width=\"620\" height=\"414\" src=\"https:\/\/i0.wp.com\/www.medizin-hochweitzschen.de\/wp-content\/uploads\/2020\/10\/Vorstand-2020-1.jpg?resize=620%2C414&#038;ssl=1\" alt=\"Vorstand 2020\" class=\"wp-image-2586\" srcset=\"https:\/\/i0.wp.com\/www.medizin-hochweitzschen.de\/wp-content\/uploads\/2020\/10\/Vorstand-2020-1-scaled.jpg?resize=1024%2C683&amp;ssl=1 1024w, https:\/\/i0.wp.com\/www.medizin-hochweitzschen.de\/wp-content\/uploads\/2020\/10\/Vorstand-2020-1-scaled.jpg?resize=300%2C200&amp;ssl=1 300w, https:\/\/i0.wp.com\/www.medizin-hochweitzschen.de\/wp-content\/uploads\/2020\/10\/Vorstand-2020-1-scaled.jpg?resize=768%2C512&amp;ssl=1 768w, https:\/\/i0.wp.com\/www.medizin-hochweitzschen.de\/wp-content\/uploads\/2020\/10\/Vorstand-2020-1-scaled.jpg?resize=391%2C260&amp;ssl=1 391w, https:\/\/i0.wp.com\/www.medizin-hochweitzschen.de\/wp-content\/uploads\/2020\/10\/Vorstand-2020-1-scaled.jpg?resize=1536%2C1024&amp;ssl=1 1536w, https:\/\/i0.wp.com\/www.medizin-hochweitzschen.de\/wp-content\/uploads\/2020\/10\/Vorstand-2020-1-scaled.jpg?resize=2048%2C1365&amp;ssl=1 2048w, https:\/\/i0.wp.com\/www.medizin-hochweitzschen.de\/wp-content\/uploads\/2020\/10\/Vorstand-2020-1-scaled.jpg?resize=100%2C67&amp;ssl=1 100w, https:\/\/i0.wp.com\/www.medizin-hochweitzschen.de\/wp-content\/uploads\/2020\/10\/Vorstand-2020-1-scaled.jpg?resize=50%2C33&amp;ssl=1 50w, https:\/\/i0.wp.com\/www.medizin-hochweitzschen.de\/wp-content\/uploads\/2020\/10\/Vorstand-2020-1-scaled.jpg?resize=25%2C17&amp;ssl=1 25w, https:\/\/i0.wp.com\/www.medizin-hochweitzschen.de\/wp-content\/uploads\/2020\/10\/Vorstand-2020-1-scaled.jpg?w=1240&amp;ssl=1 1240w, https:\/\/i0.wp.com\/www.medizin-hochweitzschen.de\/wp-content\/uploads\/2020\/10\/Vorstand-2020-1-scaled.jpg?w=1860&amp;ssl=1 1860w\" sizes=\"(max-width: 620px) 100vw, 620px\" data-recalc-dims=\"1\" \/><\/figure>\n","protected":false},"excerpt":{"rendered":"<p>Mitgliederversammlung des SV Medizin Hochweitzschen e.V. am 02.10.2020 Die Corona bedingt vom M\u00e4rz 2020 auf den 02.10.20 verschobene Mitgliederversammlung inklusive Vorstandsneuwahl hat einen neuen Vorstand hervorgebracht nachdem der alte Vorstand erfolgreich entlastet wurde. Des Weiteren wurden die Punkte \u00fcber eine Satzungs\u00e4nderung, sowie eine Mitgliedsbeitragserh\u00f6hung ab 2021 zur Abstimmung gebracht. \u00dcber die entsprechenden \u00c4nderungen k\u00f6nnen sich [&hellip;]<\/p>\n","protected":false},"author":4,"featured_media":0,"comment_status":"closed","ping_status":"closed","sticky":false,"template":"","format":"standard","meta":{"jetpack_post_was_ever_published":false,"_jetpack_newsletter_access":"","_jetpack_dont_email_post_to_subs":false,"_jetpack_newsletter_tier_id":0,"_jetpack_memberships_contains_paywalled_content":false,"_jetpack_memberships_contains_paid_content":false,"footnotes":"","jetpack_publicize_message":"","jetpack_publicize_feature_enabled":true,"jetpack_social_post_already_shared":true,"jetpack_social_options":{"image_generator_settings":{"template":"highway","enabled":false},"version":2}},"categories":[1],"tags":[],"jetpack_publicize_connections":[],"jetpack_featured_media_url":"","jetpack_sharing_enabled":true,"jetpack_shortlink":"https:\/\/wp.me\/paTP3p-G4","_links":{"self":[{"href":"https:\/\/www.medizin-hochweitzschen.de\/index.php?rest_route=\/wp\/v2\/posts\/2608"}],"collection":[{"href":"https:\/\/www.medizin-hochweitzschen.de\/index.php?rest_route=\/wp\/v2\/posts"}],"about":[{"href":"https:\/\/www.medizin-hochweitzschen.de\/index.php?rest_route=\/wp\/v2\/types\/post"}],"author":[{"embeddable":true,"href":"https:\/\/www.medizin-hochweitzschen.de\/index.php?rest_route=\/wp\/v2\/users\/4"}],"replies":[{"embeddable":true,"href":"https:\/\/www.medizin-hochweitzschen.de\/index.php?rest_route=%2Fwp%2Fv2%2Fcomments&post=2608"}],"version-history":[{"count":1,"href":"https:\/\/www.medizin-hochweitzschen.de\/index.php?rest_route=\/wp\/v2\/posts\/2608\/revisions"}],"predecessor-version":[{"id":2609,"href":"https:\/\/www.medizin-hochweitzschen.de\/index.php?rest_route=\/wp\/v2\/posts\/2608\/revisions\/2609"}],"wp:attachment":[{"href":"https:\/\/www.medizin-hochweitzschen.de\/index.php?rest_route=%2Fwp%2Fv2%2Fmedia&parent=2608"}],"wp:term":[{"taxonomy":"category","embeddable":true,"href":"https:\/\/www.medizin-hochweitzschen.de\/index.php?rest_route=%2Fwp%2Fv2%2Fcategories&post=2608"},{"taxonomy":"post_tag","embeddable":true,"href":"https:\/\/www.medizin-hochweitzschen.de\/index.php?rest_route=%2Fwp%2Fv2%2Ftags&post=2608"}],"curies":[{"name":"wp","href":"https:\/\/api.w.org\/{rel}","templated":true}]}}