{"id":1431,"date":"2019-05-27T12:14:00","date_gmt":"2019-05-27T10:14:00","guid":{"rendered":"http:\/\/www.medizin-hochweitzschen.de\/?p=1431"},"modified":"2019-06-09T18:01:23","modified_gmt":"2019-06-09T16:01:23","slug":"besuch-des-landtages-sowie-des-buergermeisters-auf-der-sportanlage-des-sv-medizin-hochweitzschen","status":"publish","type":"post","link":"https:\/\/www.medizin-hochweitzschen.de\/?p=1431","title":{"rendered":"Besuch des s\u00e4chsischen Landtages und B\u00fcrgermeisters auf der Sportanlage des SV Medizin Hochweitzschen"},"content":{"rendered":"<pre style=\"caret-color: rgb(0, 0, 0); color: rgb(0, 0, 0); font-style: normal; font-variant-caps: normal; font-weight: normal; letter-spacing: normal; orphans: auto; text-align: start; text-indent: 0px; text-transform: none; widows: auto; word-spacing: 0px; -webkit-tap-highlight-color: rgba(26, 26, 26, 0.301961); -webkit-text-size-adjust: auto; -webkit-text-stroke-width: 0px; text-decoration: none; word-wrap: break-word; white-space: pre-wrap; font-family: Verdana; line-height: 24px; padding: 1px 5px\">Die anl\u00e4sslich des \"Tages des offenen Hofes\" in Hochweitzschen\nangereisten Vertreter aus Politik und \u00f6ffentlicher Wirtschaft konnten\nsich bei einem kleinen Abstecher auf den Sportplatz Hochweitzschen ein\nBild von der Sportf\u00f6rderung im l\u00e4ndlichen Raum machen. Zur Delegation\ngeh\u00f6rten neben dem S\u00e4chsischen Staatsminister f\u00fcr Umwelt und\nLandwirtschaft Thomas Schmidt, Landrat Matthias Damm und B\u00fcrgermeister\nJ\u00f6rg Burkert auch Vertreter der Sparkasse D\u00f6beln, der S\u00e4chsischen\nAufbaubank und des S\u00e4chsischen Bauernverbandes. Angereist mit dem LO\n3000 der Gro\u00dfweitzschener Feuerwehr konnten die Anwesenden den bereits\nweit fortgeschrittenen Bau des neuen Hartplatzes bestaunen.\n<img fetchpriority=\"high\" decoding=\"async\" src=\"https:\/\/i0.wp.com\/www.medizin-hochweitzschen.de\/wp-content\/uploads\/2019\/05\/IMG_7707.jpg?resize=620%2C413&#038;ssl=1\" class=\"alignnone size-full wp-image-1423\" alt=\"\" width=\"620\" height=\"413\"  data-recalc-dims=\"1\"><img decoding=\"async\" src=\"https:\/\/i0.wp.com\/www.medizin-hochweitzschen.de\/wp-content\/uploads\/2019\/05\/IMG_7709.jpg?resize=620%2C413&#038;ssl=1\" class=\"alignnone size-full wp-image-1425\" alt=\"\" width=\"620\" height=\"413\"  data-recalc-dims=\"1\"><img decoding=\"async\" src=\"https:\/\/i0.wp.com\/www.medizin-hochweitzschen.de\/wp-content\/uploads\/2019\/05\/IMG_7717.jpg?resize=620%2C413&#038;ssl=1\" class=\"alignnone size-full wp-image-1428\" alt=\"\" width=\"620\" height=\"413\"  data-recalc-dims=\"1\"><img loading=\"lazy\" decoding=\"async\" src=\"https:\/\/i0.wp.com\/www.medizin-hochweitzschen.de\/wp-content\/uploads\/2019\/05\/PHOTO-2019-05-27-11-56-17.jpg?resize=620%2C349&#038;ssl=1\" class=\"alignnone size-full wp-image-1429\" alt=\"\" width=\"620\" height=\"349\"  data-recalc-dims=\"1\"><\/pre>\n","protected":false},"excerpt":{"rendered":"<p>Die anl\u00e4sslich des &#8222;Tages des offenen Hofes&#8220; in Hochweitzschen angereisten Vertreter aus Politik und \u00f6ffentlicher Wirtschaft konnten sich bei einem kleinen Abstecher auf den Sportplatz Hochweitzschen ein Bild von der Sportf\u00f6rderung im l\u00e4ndlichen Raum machen. Zur Delegation geh\u00f6rten neben dem S\u00e4chsischen Staatsminister f\u00fcr Umwelt und Landwirtschaft Thomas Schmidt, Landrat Matthias Damm und B\u00fcrgermeister J\u00f6rg Burkert [&hellip;]<\/p>\n","protected":false},"author":4,"featured_media":1427,"comment_status":"closed","ping_status":"closed","sticky":false,"template":"","format":"standard","meta":{"jetpack_post_was_ever_published":false,"_jetpack_newsletter_access":"","_jetpack_dont_email_post_to_subs":false,"_jetpack_newsletter_tier_id":0,"_jetpack_memberships_contains_paywalled_content":false,"_jetpack_memberships_contains_paid_content":false,"footnotes":"","jetpack_publicize_message":"","jetpack_publicize_feature_enabled":true,"jetpack_social_post_already_shared":true,"jetpack_social_options":{"image_generator_settings":{"template":"highway","enabled":false},"version":2}},"categories":[1,5],"tags":[],"jetpack_publicize_connections":[],"jetpack_featured_media_url":"https:\/\/i0.wp.com\/www.medizin-hochweitzschen.de\/wp-content\/uploads\/2019\/05\/IMG_7712.jpg?fit=5184%2C3456&ssl=1","jetpack_sharing_enabled":true,"jetpack_shortlink":"https:\/\/wp.me\/paTP3p-n5","_links":{"self":[{"href":"https:\/\/www.medizin-hochweitzschen.de\/index.php?rest_route=\/wp\/v2\/posts\/1431"}],"collection":[{"href":"https:\/\/www.medizin-hochweitzschen.de\/index.php?rest_route=\/wp\/v2\/posts"}],"about":[{"href":"https:\/\/www.medizin-hochweitzschen.de\/index.php?rest_route=\/wp\/v2\/types\/post"}],"author":[{"embeddable":true,"href":"https:\/\/www.medizin-hochweitzschen.de\/index.php?rest_route=\/wp\/v2\/users\/4"}],"replies":[{"embeddable":true,"href":"https:\/\/www.medizin-hochweitzschen.de\/index.php?rest_route=%2Fwp%2Fv2%2Fcomments&post=1431"}],"version-history":[{"count":7,"href":"https:\/\/www.medizin-hochweitzschen.de\/index.php?rest_route=\/wp\/v2\/posts\/1431\/revisions"}],"predecessor-version":[{"id":1478,"href":"https:\/\/www.medizin-hochweitzschen.de\/index.php?rest_route=\/wp\/v2\/posts\/1431\/revisions\/1478"}],"wp:featuredmedia":[{"embeddable":true,"href":"https:\/\/www.medizin-hochweitzschen.de\/index.php?rest_route=\/wp\/v2\/media\/1427"}],"wp:attachment":[{"href":"https:\/\/www.medizin-hochweitzschen.de\/index.php?rest_route=%2Fwp%2Fv2%2Fmedia&parent=1431"}],"wp:term":[{"taxonomy":"category","embeddable":true,"href":"https:\/\/www.medizin-hochweitzschen.de\/index.php?rest_route=%2Fwp%2Fv2%2Fcategories&post=1431"},{"taxonomy":"post_tag","embeddable":true,"href":"https:\/\/www.medizin-hochweitzschen.de\/index.php?rest_route=%2Fwp%2Fv2%2Ftags&post=1431"}],"curies":[{"name":"wp","href":"https:\/\/api.w.org\/{rel}","templated":true}]}}